{"id":190,"date":"2025-05-28T11:12:59","date_gmt":"2025-05-28T11:12:59","guid":{"rendered":"https:\/\/www.travilamallorca.com\/blog\/?p=190"},"modified":"2025-05-28T11:12:59","modified_gmt":"2025-05-28T11:12:59","slug":"temporare-vermietungen-auf-mallorca-eine-flexible-wohnlosung-fur-das-moderne-leben","status":"publish","type":"post","link":"https:\/\/www.travilamallorca.com\/blog\/aktivitaten\/temporare-vermietungen-auf-mallorca-eine-flexible-wohnlosung-fur-das-moderne-leben\/?lang=de","title":{"rendered":"Tempor\u00e4re Vermietungen auf Mallorca: Eine flexible Wohnl\u00f6sung f\u00fcr das moderne Leben"},"content":{"rendered":"\n<p>Da sich Lebensstil und Arbeitsgewohnheiten st\u00e4ndig weiterentwickeln, \u00e4ndert sich auch die Art und Weise, wie wir Wohnraum finden und nutzen. F\u00fcr viele Berufst\u00e4tige, Remote Worker, digitale Nomaden und Saisonarbeiter bieten tempor\u00e4re Mietobjekte die perfekte Balance aus Flexibilit\u00e4t, Komfort und Stabilit\u00e4t. Auf Mallorca w\u00e4chst dieser Trend rasant, denn immer mehr Menschen entscheiden sich f\u00fcr diese voll m\u00f6blierten, bezugsfertigen Wohnungen f\u00fcr Aufenthalte von einem Monat bis zu fast einem Jahr.  <\/p>\n\n<p><strong>Was genau ist eine vor\u00fcbergehende Vermietung?<\/strong><\/p>\n\n<p>Nach balearischem Recht ist eine vor\u00fcbergehende Vermietung eine Wohnung, die f\u00fcr einen Zeitraum zwischen 32 Tagen und 11 Monaten zur Verf\u00fcgung steht. Diese Immobilien unterscheiden sich von herk\u00f6mmlichen Touristenunterk\u00fcnften. Sie sind f\u00fcr l\u00e4ngerfristiges Wohnen konzipiert und verbinden die Annehmlichkeiten einer sofort nutzbaren Wohnung mit der Freiheit, langfristige Mietverpflichtungen zu vermeiden. <\/p>\n\n<p>Bei Travila stellen wir sorgf\u00e4ltig ein Portfolio von legalen, hochwertigen Zeitmietobjekten auf Mallorca zusammen. Jede Immobilie ist mit allem ausgestattet, was man braucht, um vom ersten Tag an komfortabel zu leben: K\u00fcchen, in denen man kochen kann, eigene Arbeitsbereiche, zuverl\u00e4ssiges WLAN und Waschm\u00f6glichkeiten. Diese H\u00e4user sind mehr als nur eine Unterkunft, sie bieten ein echtes Wohngef\u00fchl und erm\u00f6glichen es Ihnen, wie ein Einheimischer in Mallorcas charmanten Vierteln zu leben.  <\/p>\n\n<p><strong>Wer profitiert von der Kurzzeitmiete?<\/strong><\/p>\n\n<ul class=\"wp-block-list\">\n<li><strong>Telearbeiter und digitale Nomaden<\/strong>, die einen komfortablen, funktionalen Arbeitsplatz ben\u00f6tigen und gleichzeitig den mediterranen Lebensstil genie\u00dfen m\u00f6chten.<\/li>\n\n\n\n<li><strong>Auswanderer und Umsiedler<\/strong>, die die Insel erkunden, bevor sie sich dauerhaft niederlassen.<\/li>\n\n\n\n<li><strong>Saisonale Besucher<\/strong>, die in den Winter- oder Sommermonaten einen l\u00e4ngeren Aufenthalt suchen.<\/li>\n\n\n\n<li><strong>Berufst\u00e4tige und Familien in der \u00dcbergangsphase<\/strong>, die eine voll ausgestattete, problemlose Wohnung ben\u00f6tigen, die sie in ihrem Alltag unterst\u00fctzt.<\/li>\n<\/ul>\n\n<p><strong>Warum eine vor\u00fcbergehende Miete w\u00e4hlen?<\/strong><\/p>\n\n<p>Es gibt viele Gr\u00fcnde, warum die vor\u00fcbergehende Anmietung die bevorzugte Option f\u00fcr l\u00e4ngere Aufenthalte geworden ist:<\/p>\n\n<ul class=\"wp-block-list\">\n<li><strong>Keine langfristige Verpflichtung<\/strong>: Im Gegensatz zu herk\u00f6mmlichen Mietvertr\u00e4gen bietet die befristete Anmietung Flexibilit\u00e4t, ohne Sie f\u00fcr ein Jahr oder l\u00e4nger zu binden.<\/li>\n\n\n\n<li><strong>Vollst\u00e4ndig m\u00f6bliert und ausgestattet<\/strong>: Von der K\u00fcche bis zum Home Office ist alles vorhanden, damit Sie sich sofort einrichten k\u00f6nnen.<\/li>\n\n\n\n<li><strong>Kosteng\u00fcnstig:<\/strong> Diese Vermietungen bieten oft g\u00fcnstigere Preise als kurzfristige Hotelaufenthalte oder Ferienvermietungen f\u00fcr l\u00e4ngere Zeitr\u00e4ume.<\/li>\n\n\n\n<li><strong>Einhaltung der Gesetze<\/strong>: Alle Travila-Vermietungen entsprechen dem spanischen Gesetz \u00fcber die st\u00e4dtische Vermietung (LAU), so dass Sie sich keine Sorgen machen m\u00fcssen.<\/li>\n\n\n\n<li><strong>Authentisch leben<\/strong>: Erleben Sie Mallorca wie ein Einheimischer, tauchen Sie ein in pulsierende Gemeinden und genie\u00dfen Sie den nat\u00fcrlichen Lebensrhythmus der Insel.<\/li>\n<\/ul>\n\n<p><strong>Warum Travila w\u00e4hlen?<\/strong><\/p>\n\n<ul class=\"wp-block-list\">\n<li>Alle unsere Immobilien sind v\u00f6llig legal und entsprechen dem spanischen Gesetz \u00fcber die Vermietung von Wohnraum (LAU).<\/li>\n\n\n\n<li>Wir bieten H\u00e4user in den begehrtesten Gegenden Mallorcas, von K\u00fcstenst\u00e4dten bis hin zu ruhigen l\u00e4ndlichen Gegenden.<\/li>\n\n\n\n<li>w\u00e4hrend Ihres gesamten Aufenthalts<\/li>\n<\/ul>\n\n<p><strong>Entdecken Sie unser Portfolio<\/strong><\/p>\n\n<p>Hier erhalten Sie einen Einblick in unser Portfolio an <a href=\"https:\/\/www.travilamallorca.com\/rentals\/rentals-balearic-islands-r14\/tag-monthly-rental\/\">tempor\u00e4ren Mietobjekten<\/a> auf Mallorca, die wir sorgf\u00e4ltig aufgrund ihres Komforts, ihres Charakters und ihrer Verbundenheit mit der Lebensart der Insel ausgew\u00e4hlt haben. Egal, ob Sie einen ruhigen R\u00fcckzugsort auf dem Land oder eine stilvolle Unterkunft in Meeresn\u00e4he suchen, diese H\u00e4user bieten den idealen Rahmen, um mit Leichtigkeit zu leben und zu arbeiten. <\/p>\n\n<p><\/p>\n","protected":false},"excerpt":{"rendered":"<p>Da sich Lebensstil und Arbeitsgewohnheiten st\u00e4ndig weiterentwickeln, \u00e4ndert sich auch die Art&#8230;<\/p>\n","protected":false},"author":2,"featured_media":182,"comment_status":"open","ping_status":"open","sticky":false,"template":"","format":"standard","meta":{"footnotes":""},"categories":[23],"tags":[],"class_list":["post-190","post","type-post","status-publish","format-standard","has-post-thumbnail","hentry","category-aktivitaten"],"yoast_head":"<!-- This site is optimized with the Yoast SEO plugin v25.1 - https:\/\/yoast.com\/wordpress\/plugins\/seo\/ -->\n<title>Tempor\u00e4re Vermietungen auf Mallorca: Eine flexible Wohnl\u00f6sung f\u00fcr das moderne Leben - Travila holiday homes<\/title>\n<meta name=\"description\" content=\"Entdecken Sie die Vorteile von Zeitmieten auf Mallorca: flexible, voll m\u00f6blierte Wohnungen, die f\u00fcr Fernarbeiter, saisonale Aufenthalte und alle, die ein authentisches Inselleben suchen, geeignet sind. Finden Sie Ihr perfektes Zuhause auf Zeit mit Travila.\" \/>\n<meta name=\"robots\" content=\"index, follow, max-snippet:-1, max-image-preview:large, max-video-preview:-1\" \/>\n<link rel=\"canonical\" href=\"https:\/\/www.travilamallorca.com\/blog\/aktivitaten\/temporare-vermietungen-auf-mallorca-eine-flexible-wohnlosung-fur-das-moderne-leben\/?lang=de\" \/>\n<meta property=\"og:locale\" content=\"en_US\" \/>\n<meta property=\"og:type\" content=\"article\" \/>\n<meta property=\"og:title\" content=\"Tempor\u00e4re Vermietungen auf Mallorca: Eine flexible Wohnl\u00f6sung f\u00fcr das moderne Leben - Travila holiday homes\" \/>\n<meta property=\"og:description\" content=\"Entdecken Sie die Vorteile von Zeitmieten auf Mallorca: flexible, voll m\u00f6blierte Wohnungen, die f\u00fcr Fernarbeiter, saisonale Aufenthalte und alle, die ein authentisches Inselleben suchen, geeignet sind. Finden Sie Ihr perfektes Zuhause auf Zeit mit Travila.\" \/>\n<meta property=\"og:url\" content=\"https:\/\/www.travilamallorca.com\/blog\/aktivitaten\/temporare-vermietungen-auf-mallorca-eine-flexible-wohnlosung-fur-das-moderne-leben\/?lang=de\" \/>\n<meta property=\"og:site_name\" content=\"Travila holiday homes\" \/>\n<meta property=\"article:published_time\" content=\"2025-05-28T11:12:59+00:00\" \/>\n<meta property=\"og:image\" content=\"https:\/\/www.travilamallorca.com\/blog\/wp-content\/uploads\/2025\/05\/Handschuh_Mallorca-7850-scaled.jpg\" \/>\n\t<meta property=\"og:image:width\" content=\"2560\" \/>\n\t<meta property=\"og:image:height\" content=\"1706\" \/>\n\t<meta property=\"og:image:type\" content=\"image\/jpeg\" \/>\n<meta name=\"author\" content=\"travilamallorca\" \/>\n<meta name=\"twitter:card\" content=\"summary_large_image\" \/>\n<meta name=\"twitter:label1\" content=\"Written by\" \/>\n\t<meta name=\"twitter:data1\" content=\"travilamallorca\" \/>\n\t<meta name=\"twitter:label2\" content=\"Est. reading time\" \/>\n\t<meta name=\"twitter:data2\" content=\"3 minutes\" \/>\n<script type=\"application\/ld+json\" class=\"yoast-schema-graph\">{\"@context\":\"https:\/\/schema.org\",\"@graph\":[{\"@type\":\"WebPage\",\"@id\":\"https:\/\/www.travilamallorca.com\/blog\/aktivitaten\/temporare-vermietungen-auf-mallorca-eine-flexible-wohnlosung-fur-das-moderne-leben\/?lang=de\",\"url\":\"https:\/\/www.travilamallorca.com\/blog\/aktivitaten\/temporare-vermietungen-auf-mallorca-eine-flexible-wohnlosung-fur-das-moderne-leben\/?lang=de\",\"name\":\"Tempor\u00e4re Vermietungen auf Mallorca: Eine flexible Wohnl\u00f6sung f\u00fcr das moderne Leben - Travila holiday homes\",\"isPartOf\":{\"@id\":\"https:\/\/www.travilamallorca.com\/blog\/#website\"},\"primaryImageOfPage\":{\"@id\":\"https:\/\/www.travilamallorca.com\/blog\/aktivitaten\/temporare-vermietungen-auf-mallorca-eine-flexible-wohnlosung-fur-das-moderne-leben\/?lang=de#primaryimage\"},\"image\":{\"@id\":\"https:\/\/www.travilamallorca.com\/blog\/aktivitaten\/temporare-vermietungen-auf-mallorca-eine-flexible-wohnlosung-fur-das-moderne-leben\/?lang=de#primaryimage\"},\"thumbnailUrl\":\"https:\/\/www.travilamallorca.com\/blog\/wp-content\/uploads\/2025\/05\/Handschuh_Mallorca-7850-scaled.jpg\",\"datePublished\":\"2025-05-28T11:12:59+00:00\",\"author\":{\"@id\":\"https:\/\/www.travilamallorca.com\/blog\/#\/schema\/person\/9525a513aecc979491bee1f69377323b\"},\"description\":\"Entdecken Sie die Vorteile von Zeitmieten auf Mallorca: flexible, voll m\u00f6blierte Wohnungen, die f\u00fcr Fernarbeiter, saisonale Aufenthalte und alle, die ein authentisches Inselleben suchen, geeignet sind. Finden Sie Ihr perfektes Zuhause auf Zeit mit Travila.\",\"breadcrumb\":{\"@id\":\"https:\/\/www.travilamallorca.com\/blog\/aktivitaten\/temporare-vermietungen-auf-mallorca-eine-flexible-wohnlosung-fur-das-moderne-leben\/?lang=de#breadcrumb\"},\"inLanguage\":\"en-US\",\"potentialAction\":[{\"@type\":\"ReadAction\",\"target\":[\"https:\/\/www.travilamallorca.com\/blog\/aktivitaten\/temporare-vermietungen-auf-mallorca-eine-flexible-wohnlosung-fur-das-moderne-leben\/?lang=de\"]}]},{\"@type\":\"ImageObject\",\"inLanguage\":\"en-US\",\"@id\":\"https:\/\/www.travilamallorca.com\/blog\/aktivitaten\/temporare-vermietungen-auf-mallorca-eine-flexible-wohnlosung-fur-das-moderne-leben\/?lang=de#primaryimage\",\"url\":\"https:\/\/www.travilamallorca.com\/blog\/wp-content\/uploads\/2025\/05\/Handschuh_Mallorca-7850-scaled.jpg\",\"contentUrl\":\"https:\/\/www.travilamallorca.com\/blog\/wp-content\/uploads\/2025\/05\/Handschuh_Mallorca-7850-scaled.jpg\",\"width\":2560,\"height\":1706},{\"@type\":\"BreadcrumbList\",\"@id\":\"https:\/\/www.travilamallorca.com\/blog\/aktivitaten\/temporare-vermietungen-auf-mallorca-eine-flexible-wohnlosung-fur-das-moderne-leben\/?lang=de#breadcrumb\",\"itemListElement\":[{\"@type\":\"ListItem\",\"position\":1,\"name\":\"Home\",\"item\":\"https:\/\/www.travilamallorca.com\/blog\/\"},{\"@type\":\"ListItem\",\"position\":2,\"name\":\"Tempor\u00e4re Vermietungen auf Mallorca: Eine flexible Wohnl\u00f6sung f\u00fcr das moderne Leben\"}]},{\"@type\":\"WebSite\",\"@id\":\"https:\/\/www.travilamallorca.com\/blog\/#website\",\"url\":\"https:\/\/www.travilamallorca.com\/blog\/\",\"name\":\"Travila holiday homes\",\"description\":\"Travilamallorca\",\"potentialAction\":[{\"@type\":\"SearchAction\",\"target\":{\"@type\":\"EntryPoint\",\"urlTemplate\":\"https:\/\/www.travilamallorca.com\/blog\/?s={search_term_string}\"},\"query-input\":{\"@type\":\"PropertyValueSpecification\",\"valueRequired\":true,\"valueName\":\"search_term_string\"}}],\"inLanguage\":\"en-US\"},{\"@type\":\"Person\",\"@id\":\"https:\/\/www.travilamallorca.com\/blog\/#\/schema\/person\/9525a513aecc979491bee1f69377323b\",\"name\":\"travilamallorca\",\"image\":{\"@type\":\"ImageObject\",\"inLanguage\":\"en-US\",\"@id\":\"https:\/\/www.travilamallorca.com\/blog\/#\/schema\/person\/image\/\",\"url\":\"https:\/\/secure.gravatar.com\/avatar\/7bea63afdcad4d75a604ba44f608f5baa725c25959614a06e19a37c02756fba6?s=96&d=mm&r=g\",\"contentUrl\":\"https:\/\/secure.gravatar.com\/avatar\/7bea63afdcad4d75a604ba44f608f5baa725c25959614a06e19a37c02756fba6?s=96&d=mm&r=g\",\"caption\":\"travilamallorca\"},\"url\":\"https:\/\/www.travilamallorca.com\/blog\/author\/travilamallorca\/\"}]}<\/script>\n<!-- \/ Yoast SEO plugin. -->","yoast_head_json":{"title":"Tempor\u00e4re Vermietungen auf Mallorca: Eine flexible Wohnl\u00f6sung f\u00fcr das moderne Leben - Travila holiday homes","description":"Entdecken Sie die Vorteile von Zeitmieten auf Mallorca: flexible, voll m\u00f6blierte Wohnungen, die f\u00fcr Fernarbeiter, saisonale Aufenthalte und alle, die ein authentisches Inselleben suchen, geeignet sind. Finden Sie Ihr perfektes Zuhause auf Zeit mit Travila.","robots":{"index":"index","follow":"follow","max-snippet":"max-snippet:-1","max-image-preview":"max-image-preview:large","max-video-preview":"max-video-preview:-1"},"canonical":"https:\/\/www.travilamallorca.com\/blog\/aktivitaten\/temporare-vermietungen-auf-mallorca-eine-flexible-wohnlosung-fur-das-moderne-leben\/?lang=de","og_locale":"en_US","og_type":"article","og_title":"Tempor\u00e4re Vermietungen auf Mallorca: Eine flexible Wohnl\u00f6sung f\u00fcr das moderne Leben - Travila holiday homes","og_description":"Entdecken Sie die Vorteile von Zeitmieten auf Mallorca: flexible, voll m\u00f6blierte Wohnungen, die f\u00fcr Fernarbeiter, saisonale Aufenthalte und alle, die ein authentisches Inselleben suchen, geeignet sind. Finden Sie Ihr perfektes Zuhause auf Zeit mit Travila.","og_url":"https:\/\/www.travilamallorca.com\/blog\/aktivitaten\/temporare-vermietungen-auf-mallorca-eine-flexible-wohnlosung-fur-das-moderne-leben\/?lang=de","og_site_name":"Travila holiday homes","article_published_time":"2025-05-28T11:12:59+00:00","og_image":[{"width":2560,"height":1706,"url":"https:\/\/www.travilamallorca.com\/blog\/wp-content\/uploads\/2025\/05\/Handschuh_Mallorca-7850-scaled.jpg","type":"image\/jpeg"}],"author":"travilamallorca","twitter_card":"summary_large_image","twitter_misc":{"Written by":"travilamallorca","Est. reading time":"3 minutes"},"schema":{"@context":"https:\/\/schema.org","@graph":[{"@type":"WebPage","@id":"https:\/\/www.travilamallorca.com\/blog\/aktivitaten\/temporare-vermietungen-auf-mallorca-eine-flexible-wohnlosung-fur-das-moderne-leben\/?lang=de","url":"https:\/\/www.travilamallorca.com\/blog\/aktivitaten\/temporare-vermietungen-auf-mallorca-eine-flexible-wohnlosung-fur-das-moderne-leben\/?lang=de","name":"Tempor\u00e4re Vermietungen auf Mallorca: Eine flexible Wohnl\u00f6sung f\u00fcr das moderne Leben - Travila holiday homes","isPartOf":{"@id":"https:\/\/www.travilamallorca.com\/blog\/#website"},"primaryImageOfPage":{"@id":"https:\/\/www.travilamallorca.com\/blog\/aktivitaten\/temporare-vermietungen-auf-mallorca-eine-flexible-wohnlosung-fur-das-moderne-leben\/?lang=de#primaryimage"},"image":{"@id":"https:\/\/www.travilamallorca.com\/blog\/aktivitaten\/temporare-vermietungen-auf-mallorca-eine-flexible-wohnlosung-fur-das-moderne-leben\/?lang=de#primaryimage"},"thumbnailUrl":"https:\/\/www.travilamallorca.com\/blog\/wp-content\/uploads\/2025\/05\/Handschuh_Mallorca-7850-scaled.jpg","datePublished":"2025-05-28T11:12:59+00:00","author":{"@id":"https:\/\/www.travilamallorca.com\/blog\/#\/schema\/person\/9525a513aecc979491bee1f69377323b"},"description":"Entdecken Sie die Vorteile von Zeitmieten auf Mallorca: flexible, voll m\u00f6blierte Wohnungen, die f\u00fcr Fernarbeiter, saisonale Aufenthalte und alle, die ein authentisches Inselleben suchen, geeignet sind. Finden Sie Ihr perfektes Zuhause auf Zeit mit Travila.","breadcrumb":{"@id":"https:\/\/www.travilamallorca.com\/blog\/aktivitaten\/temporare-vermietungen-auf-mallorca-eine-flexible-wohnlosung-fur-das-moderne-leben\/?lang=de#breadcrumb"},"inLanguage":"en-US","potentialAction":[{"@type":"ReadAction","target":["https:\/\/www.travilamallorca.com\/blog\/aktivitaten\/temporare-vermietungen-auf-mallorca-eine-flexible-wohnlosung-fur-das-moderne-leben\/?lang=de"]}]},{"@type":"ImageObject","inLanguage":"en-US","@id":"https:\/\/www.travilamallorca.com\/blog\/aktivitaten\/temporare-vermietungen-auf-mallorca-eine-flexible-wohnlosung-fur-das-moderne-leben\/?lang=de#primaryimage","url":"https:\/\/www.travilamallorca.com\/blog\/wp-content\/uploads\/2025\/05\/Handschuh_Mallorca-7850-scaled.jpg","contentUrl":"https:\/\/www.travilamallorca.com\/blog\/wp-content\/uploads\/2025\/05\/Handschuh_Mallorca-7850-scaled.jpg","width":2560,"height":1706},{"@type":"BreadcrumbList","@id":"https:\/\/www.travilamallorca.com\/blog\/aktivitaten\/temporare-vermietungen-auf-mallorca-eine-flexible-wohnlosung-fur-das-moderne-leben\/?lang=de#breadcrumb","itemListElement":[{"@type":"ListItem","position":1,"name":"Home","item":"https:\/\/www.travilamallorca.com\/blog\/"},{"@type":"ListItem","position":2,"name":"Tempor\u00e4re Vermietungen auf Mallorca: Eine flexible Wohnl\u00f6sung f\u00fcr das moderne Leben"}]},{"@type":"WebSite","@id":"https:\/\/www.travilamallorca.com\/blog\/#website","url":"https:\/\/www.travilamallorca.com\/blog\/","name":"Travila holiday homes","description":"Travilamallorca","potentialAction":[{"@type":"SearchAction","target":{"@type":"EntryPoint","urlTemplate":"https:\/\/www.travilamallorca.com\/blog\/?s={search_term_string}"},"query-input":{"@type":"PropertyValueSpecification","valueRequired":true,"valueName":"search_term_string"}}],"inLanguage":"en-US"},{"@type":"Person","@id":"https:\/\/www.travilamallorca.com\/blog\/#\/schema\/person\/9525a513aecc979491bee1f69377323b","name":"travilamallorca","image":{"@type":"ImageObject","inLanguage":"en-US","@id":"https:\/\/www.travilamallorca.com\/blog\/#\/schema\/person\/image\/","url":"https:\/\/secure.gravatar.com\/avatar\/7bea63afdcad4d75a604ba44f608f5baa725c25959614a06e19a37c02756fba6?s=96&d=mm&r=g","contentUrl":"https:\/\/secure.gravatar.com\/avatar\/7bea63afdcad4d75a604ba44f608f5baa725c25959614a06e19a37c02756fba6?s=96&d=mm&r=g","caption":"travilamallorca"},"url":"https:\/\/www.travilamallorca.com\/blog\/author\/travilamallorca\/"}]}},"_links":{"self":[{"href":"https:\/\/www.travilamallorca.com\/blog\/wp-json\/wp\/v2\/posts\/190","targetHints":{"allow":["GET"]}}],"collection":[{"href":"https:\/\/www.travilamallorca.com\/blog\/wp-json\/wp\/v2\/posts"}],"about":[{"href":"https:\/\/www.travilamallorca.com\/blog\/wp-json\/wp\/v2\/types\/post"}],"author":[{"embeddable":true,"href":"https:\/\/www.travilamallorca.com\/blog\/wp-json\/wp\/v2\/users\/2"}],"replies":[{"embeddable":true,"href":"https:\/\/www.travilamallorca.com\/blog\/wp-json\/wp\/v2\/comments?post=190"}],"version-history":[{"count":1,"href":"https:\/\/www.travilamallorca.com\/blog\/wp-json\/wp\/v2\/posts\/190\/revisions"}],"predecessor-version":[{"id":191,"href":"https:\/\/www.travilamallorca.com\/blog\/wp-json\/wp\/v2\/posts\/190\/revisions\/191"}],"wp:featuredmedia":[{"embeddable":true,"href":"https:\/\/www.travilamallorca.com\/blog\/wp-json\/wp\/v2\/media\/182"}],"wp:attachment":[{"href":"https:\/\/www.travilamallorca.com\/blog\/wp-json\/wp\/v2\/media?parent=190"}],"wp:term":[{"taxonomy":"category","embeddable":true,"href":"https:\/\/www.travilamallorca.com\/blog\/wp-json\/wp\/v2\/categories?post=190"},{"taxonomy":"post_tag","embeddable":true,"href":"https:\/\/www.travilamallorca.com\/blog\/wp-json\/wp\/v2\/tags?post=190"}],"curies":[{"name":"wp","href":"https:\/\/api.w.org\/{rel}","templated":true}]}}