{"id":188,"date":"2025-05-28T11:12:59","date_gmt":"2025-05-28T11:12:59","guid":{"rendered":"https:\/\/www.travilamallorca.com\/blog\/?p=188"},"modified":"2025-05-28T11:12:59","modified_gmt":"2025-05-28T11:12:59","slug":"alquiler-temporal-en-mallorca-una-solucion-flexible-para-la-vida-moderna","status":"publish","type":"post","link":"https:\/\/www.travilamallorca.com\/blog\/actividades\/alquiler-temporal-en-mallorca-una-solucion-flexible-para-la-vida-moderna\/?lang=es","title":{"rendered":"Alquiler Temporal en Mallorca: Una soluci\u00f3n flexible para la vida moderna"},"content":{"rendered":"\n<p>A medida que evolucionan los estilos de vida y los h\u00e1bitos de trabajo, tambi\u00e9n cambia la forma de encontrar y utilizar los espacios vitales. Para muchos profesionales, trabajadores remotos, n\u00f3madas digitales y residentes temporales, los alquileres temporales ofrecen el equilibrio perfecto entre flexibilidad, comodidad y estabilidad. En Mallorca, esta tendencia est\u00e1 creciendo r\u00e1pidamente, con m\u00e1s personas que eligen estas casas totalmente amuebladas y listas para mudarse para estancias que van desde un mes hasta casi un a\u00f1o.  <\/p>\n\n<p><strong>\u00bfQu\u00e9 es exactamente un alquiler temporal?<\/strong><\/p>\n\n<p>Seg\u00fan la legislaci\u00f3n de las Islas Baleares, un alquiler temporal es una vivienda residencial disponible por periodos de entre 32 d\u00edas y 11 meses. Estas propiedades difieren de los alojamientos tur\u00edsticos tradicionales, est\u00e1n dise\u00f1adas para vivir m\u00e1s tiempo, combinando la comodidad de una vivienda lista para usar con la libertad de evitar compromisos de arrendamiento a largo plazo. <\/p>\n\n<p>En Travila, seleccionamos cuidadosamente una cartera de alquileres temporales legales y de alta calidad en toda Mallorca. Cada propiedad est\u00e1 totalmente equipada con todo lo necesario para vivir c\u00f3modamente desde el primer d\u00eda: cocinas listas para cocinar, espacios de trabajo dedicados, Wi-Fi fiable y lavander\u00eda. M\u00e1s que un lugar donde alojarse, estas casas ofrecen una aut\u00e9ntica experiencia residencial, permiti\u00e9ndote vivir como un lugare\u00f1o m\u00e1s en los encantadores barrios de Mallorca.  <\/p>\n\n<p><strong>\u00bfQui\u00e9n se beneficia del alquiler temporal?<\/strong><\/p>\n\n<ul class=\"wp-block-list\">\n<li><strong>Trabajadores remotos y n\u00f3madas <\/strong>digitales que necesitan un espacio de trabajo c\u00f3modo y funcional mientras disfrutan del estilo de vida mediterr\u00e1neo.<\/li>\n\n\n\n<li><strong>Expatriados y reubicados<\/strong> que exploran la isla antes de mudarse definitivamente.<\/li>\n\n\n\n<li><strong>Visitantes estacionales<\/strong> que buscan escapadas m\u00e1s largas durante los meses de invierno o verano.<\/li>\n\n\n\n<li><strong>Profesionales y familias en transici\u00f3n<\/strong> que necesitan un hogar totalmente equipado y sin complicaciones que les ayude en su vida cotidiana.<\/li>\n<\/ul>\n\n<p><strong>\u00bfPor qu\u00e9 elegir un alquiler temporal?<\/strong><\/p>\n\n<p>Hay muchas razones por las que los alquileres temporales se han convertido en la opci\u00f3n preferida para estancias prolongadas:<\/p>\n\n<ul class=\"wp-block-list\">\n<li><strong>No long-term commitment:<\/strong> Unlike traditional leases, temporary rentals provide flexibility without locking you into a year or more.<\/li>\n\n\n\n<li><strong>Totalmente amueblado y equipado: <\/strong>Desde los utensilios de cocina hasta la oficina, todo est\u00e1 listo para que te instales de inmediato.<\/li>\n\n\n\n<li><strong>Rentables:<\/strong> Estos alquileres suelen ofrecer mejores tarifas que las estancias cortas en hoteles o los alquileres vacacionales por periodos m\u00e1s largos.<\/li>\n\n\n\n<li><strong>Cumplimiento legal:<\/strong> Todos los alquileres de Travila cumplen plenamente la Ley de Arrendamientos Urbanos (LAU) de Espa\u00f1a, lo que te da tranquilidad.<\/li>\n\n\n\n<li><strong>Vida aut\u00e9ntica:<\/strong> Experimente Mallorca como un lugare\u00f1o, sumergi\u00e9ndose en comunidades vibrantes y disfrutando del ritmo de vida natural de la isla.<\/li>\n<\/ul>\n\n<p><strong>\u00bfPor qu\u00e9 elegir Travila?<\/strong><\/p>\n\n<ul class=\"wp-block-list\">\n<li>Todas nuestras propiedades son legales y cumplen la Ley de Arrendamientos Urbanos (LAU).<\/li>\n\n\n\n<li>Ofrecemos viviendas en las zonas m\u00e1s deseadas de Mallorca, desde pueblos costeros hasta tranquilos entornos rurales<\/li>\n\n\n\n<li>Asistencia personalizada de nuestro equipo para encontrarle la casa perfecta y ayudarle durante su estancia.<\/li>\n<\/ul>\n\n<p><strong>Descubra nuestra cartera<\/strong><\/p>\n\n<p>He aqu\u00ed un vistazo a nuestra cartera de <a href=\"https:\/\/www.travilamallorca.com\/rentals\/rentals-balearic-islands-r14\/tag-monthly-rental\/\">alquileres temporales<\/a> en Mallorca, cada uno cuidadosamente seleccionado por su comodidad, car\u00e1cter y conexi\u00f3n con el estilo de vida de la isla. Tanto si buscas un tranquilo refugio en el campo como una elegante base cerca del mar, estas casas ofrecen el entorno ideal para vivir y trabajar con facilidad. <\/p>\n\n<p><\/p>\n","protected":false},"excerpt":{"rendered":"<p>A medida que evolucionan los estilos de vida y los h\u00e1bitos de&#8230;<\/p>\n","protected":false},"author":2,"featured_media":183,"comment_status":"open","ping_status":"open","sticky":false,"template":"","format":"standard","meta":{"footnotes":""},"categories":[26],"tags":[],"class_list":["post-188","post","type-post","status-publish","format-standard","has-post-thumbnail","hentry","category-actividades"],"yoast_head":"<!-- This site is optimized with the Yoast SEO plugin v25.1 - https:\/\/yoast.com\/wordpress\/plugins\/seo\/ -->\n<title>Alquiler Temporal en Mallorca: Una soluci\u00f3n flexible para la vida moderna - Travila holiday homes<\/title>\n<meta name=\"description\" content=\"Descubra las ventajas de los alquileres temporales en Mallorca: casas flexibles y totalmente amuebladas dise\u00f1adas para trabajadores remotos, estancias de temporada y para aquellos que buscan una aut\u00e9ntica experiencia de vida en la isla. Encuentra tu hogar temporal perfecto con Travila.\" \/>\n<meta name=\"robots\" content=\"index, follow, max-snippet:-1, max-image-preview:large, max-video-preview:-1\" \/>\n<link rel=\"canonical\" href=\"https:\/\/www.travilamallorca.com\/blog\/actividades\/alquiler-temporal-en-mallorca-una-solucion-flexible-para-la-vida-moderna\/?lang=es\" \/>\n<meta property=\"og:locale\" content=\"en_US\" \/>\n<meta property=\"og:type\" content=\"article\" \/>\n<meta property=\"og:title\" content=\"Alquiler Temporal en Mallorca: Una soluci\u00f3n flexible para la vida moderna - Travila holiday homes\" \/>\n<meta property=\"og:description\" content=\"Descubra las ventajas de los alquileres temporales en Mallorca: casas flexibles y totalmente amuebladas dise\u00f1adas para trabajadores remotos, estancias de temporada y para aquellos que buscan una aut\u00e9ntica experiencia de vida en la isla. Encuentra tu hogar temporal perfecto con Travila.\" \/>\n<meta property=\"og:url\" content=\"https:\/\/www.travilamallorca.com\/blog\/actividades\/alquiler-temporal-en-mallorca-una-solucion-flexible-para-la-vida-moderna\/?lang=es\" \/>\n<meta property=\"og:site_name\" content=\"Travila holiday homes\" \/>\n<meta property=\"article:published_time\" content=\"2025-05-28T11:12:59+00:00\" \/>\n<meta property=\"og:image\" content=\"https:\/\/www.travilamallorca.com\/blog\/wp-content\/uploads\/2025\/05\/Handschuh_Mallorca-7850-scaled.jpg\" \/>\n\t<meta property=\"og:image:width\" content=\"2560\" \/>\n\t<meta property=\"og:image:height\" content=\"1706\" \/>\n\t<meta property=\"og:image:type\" content=\"image\/jpeg\" \/>\n<meta name=\"author\" content=\"travilamallorca\" \/>\n<meta name=\"twitter:card\" content=\"summary_large_image\" \/>\n<meta name=\"twitter:label1\" content=\"Written by\" \/>\n\t<meta name=\"twitter:data1\" content=\"travilamallorca\" \/>\n\t<meta name=\"twitter:label2\" content=\"Est. reading time\" \/>\n\t<meta name=\"twitter:data2\" content=\"3 minutes\" \/>\n<script type=\"application\/ld+json\" class=\"yoast-schema-graph\">{\"@context\":\"https:\/\/schema.org\",\"@graph\":[{\"@type\":\"WebPage\",\"@id\":\"https:\/\/www.travilamallorca.com\/blog\/actividades\/alquiler-temporal-en-mallorca-una-solucion-flexible-para-la-vida-moderna\/?lang=es\",\"url\":\"https:\/\/www.travilamallorca.com\/blog\/actividades\/alquiler-temporal-en-mallorca-una-solucion-flexible-para-la-vida-moderna\/?lang=es\",\"name\":\"Alquiler Temporal en Mallorca: Una soluci\u00f3n flexible para la vida moderna - Travila holiday homes\",\"isPartOf\":{\"@id\":\"https:\/\/www.travilamallorca.com\/blog\/#website\"},\"primaryImageOfPage\":{\"@id\":\"https:\/\/www.travilamallorca.com\/blog\/actividades\/alquiler-temporal-en-mallorca-una-solucion-flexible-para-la-vida-moderna\/?lang=es#primaryimage\"},\"image\":{\"@id\":\"https:\/\/www.travilamallorca.com\/blog\/actividades\/alquiler-temporal-en-mallorca-una-solucion-flexible-para-la-vida-moderna\/?lang=es#primaryimage\"},\"thumbnailUrl\":\"https:\/\/www.travilamallorca.com\/blog\/wp-content\/uploads\/2025\/05\/Handschuh_Mallorca-7850-scaled.jpg\",\"datePublished\":\"2025-05-28T11:12:59+00:00\",\"author\":{\"@id\":\"https:\/\/www.travilamallorca.com\/blog\/#\/schema\/person\/9525a513aecc979491bee1f69377323b\"},\"description\":\"Descubra las ventajas de los alquileres temporales en Mallorca: casas flexibles y totalmente amuebladas dise\u00f1adas para trabajadores remotos, estancias de temporada y para aquellos que buscan una aut\u00e9ntica experiencia de vida en la isla. Encuentra tu hogar temporal perfecto con Travila.\",\"breadcrumb\":{\"@id\":\"https:\/\/www.travilamallorca.com\/blog\/actividades\/alquiler-temporal-en-mallorca-una-solucion-flexible-para-la-vida-moderna\/?lang=es#breadcrumb\"},\"inLanguage\":\"en-US\",\"potentialAction\":[{\"@type\":\"ReadAction\",\"target\":[\"https:\/\/www.travilamallorca.com\/blog\/actividades\/alquiler-temporal-en-mallorca-una-solucion-flexible-para-la-vida-moderna\/?lang=es\"]}]},{\"@type\":\"ImageObject\",\"inLanguage\":\"en-US\",\"@id\":\"https:\/\/www.travilamallorca.com\/blog\/actividades\/alquiler-temporal-en-mallorca-una-solucion-flexible-para-la-vida-moderna\/?lang=es#primaryimage\",\"url\":\"https:\/\/www.travilamallorca.com\/blog\/wp-content\/uploads\/2025\/05\/Handschuh_Mallorca-7850-scaled.jpg\",\"contentUrl\":\"https:\/\/www.travilamallorca.com\/blog\/wp-content\/uploads\/2025\/05\/Handschuh_Mallorca-7850-scaled.jpg\",\"width\":2560,\"height\":1706},{\"@type\":\"BreadcrumbList\",\"@id\":\"https:\/\/www.travilamallorca.com\/blog\/actividades\/alquiler-temporal-en-mallorca-una-solucion-flexible-para-la-vida-moderna\/?lang=es#breadcrumb\",\"itemListElement\":[{\"@type\":\"ListItem\",\"position\":1,\"name\":\"Home\",\"item\":\"https:\/\/www.travilamallorca.com\/blog\/\"},{\"@type\":\"ListItem\",\"position\":2,\"name\":\"Alquiler Temporal en Mallorca: Una soluci\u00f3n flexible para la vida moderna\"}]},{\"@type\":\"WebSite\",\"@id\":\"https:\/\/www.travilamallorca.com\/blog\/#website\",\"url\":\"https:\/\/www.travilamallorca.com\/blog\/\",\"name\":\"Travila holiday homes\",\"description\":\"Travilamallorca\",\"potentialAction\":[{\"@type\":\"SearchAction\",\"target\":{\"@type\":\"EntryPoint\",\"urlTemplate\":\"https:\/\/www.travilamallorca.com\/blog\/?s={search_term_string}\"},\"query-input\":{\"@type\":\"PropertyValueSpecification\",\"valueRequired\":true,\"valueName\":\"search_term_string\"}}],\"inLanguage\":\"en-US\"},{\"@type\":\"Person\",\"@id\":\"https:\/\/www.travilamallorca.com\/blog\/#\/schema\/person\/9525a513aecc979491bee1f69377323b\",\"name\":\"travilamallorca\",\"image\":{\"@type\":\"ImageObject\",\"inLanguage\":\"en-US\",\"@id\":\"https:\/\/www.travilamallorca.com\/blog\/#\/schema\/person\/image\/\",\"url\":\"https:\/\/secure.gravatar.com\/avatar\/7bea63afdcad4d75a604ba44f608f5baa725c25959614a06e19a37c02756fba6?s=96&d=mm&r=g\",\"contentUrl\":\"https:\/\/secure.gravatar.com\/avatar\/7bea63afdcad4d75a604ba44f608f5baa725c25959614a06e19a37c02756fba6?s=96&d=mm&r=g\",\"caption\":\"travilamallorca\"},\"url\":\"https:\/\/www.travilamallorca.com\/blog\/author\/travilamallorca\/\"}]}<\/script>\n<!-- \/ Yoast SEO plugin. -->","yoast_head_json":{"title":"Alquiler Temporal en Mallorca: Una soluci\u00f3n flexible para la vida moderna - Travila holiday homes","description":"Descubra las ventajas de los alquileres temporales en Mallorca: casas flexibles y totalmente amuebladas dise\u00f1adas para trabajadores remotos, estancias de temporada y para aquellos que buscan una aut\u00e9ntica experiencia de vida en la isla. Encuentra tu hogar temporal perfecto con Travila.","robots":{"index":"index","follow":"follow","max-snippet":"max-snippet:-1","max-image-preview":"max-image-preview:large","max-video-preview":"max-video-preview:-1"},"canonical":"https:\/\/www.travilamallorca.com\/blog\/actividades\/alquiler-temporal-en-mallorca-una-solucion-flexible-para-la-vida-moderna\/?lang=es","og_locale":"en_US","og_type":"article","og_title":"Alquiler Temporal en Mallorca: Una soluci\u00f3n flexible para la vida moderna - Travila holiday homes","og_description":"Descubra las ventajas de los alquileres temporales en Mallorca: casas flexibles y totalmente amuebladas dise\u00f1adas para trabajadores remotos, estancias de temporada y para aquellos que buscan una aut\u00e9ntica experiencia de vida en la isla. Encuentra tu hogar temporal perfecto con Travila.","og_url":"https:\/\/www.travilamallorca.com\/blog\/actividades\/alquiler-temporal-en-mallorca-una-solucion-flexible-para-la-vida-moderna\/?lang=es","og_site_name":"Travila holiday homes","article_published_time":"2025-05-28T11:12:59+00:00","og_image":[{"width":2560,"height":1706,"url":"https:\/\/www.travilamallorca.com\/blog\/wp-content\/uploads\/2025\/05\/Handschuh_Mallorca-7850-scaled.jpg","type":"image\/jpeg"}],"author":"travilamallorca","twitter_card":"summary_large_image","twitter_misc":{"Written by":"travilamallorca","Est. reading time":"3 minutes"},"schema":{"@context":"https:\/\/schema.org","@graph":[{"@type":"WebPage","@id":"https:\/\/www.travilamallorca.com\/blog\/actividades\/alquiler-temporal-en-mallorca-una-solucion-flexible-para-la-vida-moderna\/?lang=es","url":"https:\/\/www.travilamallorca.com\/blog\/actividades\/alquiler-temporal-en-mallorca-una-solucion-flexible-para-la-vida-moderna\/?lang=es","name":"Alquiler Temporal en Mallorca: Una soluci\u00f3n flexible para la vida moderna - Travila holiday homes","isPartOf":{"@id":"https:\/\/www.travilamallorca.com\/blog\/#website"},"primaryImageOfPage":{"@id":"https:\/\/www.travilamallorca.com\/blog\/actividades\/alquiler-temporal-en-mallorca-una-solucion-flexible-para-la-vida-moderna\/?lang=es#primaryimage"},"image":{"@id":"https:\/\/www.travilamallorca.com\/blog\/actividades\/alquiler-temporal-en-mallorca-una-solucion-flexible-para-la-vida-moderna\/?lang=es#primaryimage"},"thumbnailUrl":"https:\/\/www.travilamallorca.com\/blog\/wp-content\/uploads\/2025\/05\/Handschuh_Mallorca-7850-scaled.jpg","datePublished":"2025-05-28T11:12:59+00:00","author":{"@id":"https:\/\/www.travilamallorca.com\/blog\/#\/schema\/person\/9525a513aecc979491bee1f69377323b"},"description":"Descubra las ventajas de los alquileres temporales en Mallorca: casas flexibles y totalmente amuebladas dise\u00f1adas para trabajadores remotos, estancias de temporada y para aquellos que buscan una aut\u00e9ntica experiencia de vida en la isla. Encuentra tu hogar temporal perfecto con Travila.","breadcrumb":{"@id":"https:\/\/www.travilamallorca.com\/blog\/actividades\/alquiler-temporal-en-mallorca-una-solucion-flexible-para-la-vida-moderna\/?lang=es#breadcrumb"},"inLanguage":"en-US","potentialAction":[{"@type":"ReadAction","target":["https:\/\/www.travilamallorca.com\/blog\/actividades\/alquiler-temporal-en-mallorca-una-solucion-flexible-para-la-vida-moderna\/?lang=es"]}]},{"@type":"ImageObject","inLanguage":"en-US","@id":"https:\/\/www.travilamallorca.com\/blog\/actividades\/alquiler-temporal-en-mallorca-una-solucion-flexible-para-la-vida-moderna\/?lang=es#primaryimage","url":"https:\/\/www.travilamallorca.com\/blog\/wp-content\/uploads\/2025\/05\/Handschuh_Mallorca-7850-scaled.jpg","contentUrl":"https:\/\/www.travilamallorca.com\/blog\/wp-content\/uploads\/2025\/05\/Handschuh_Mallorca-7850-scaled.jpg","width":2560,"height":1706},{"@type":"BreadcrumbList","@id":"https:\/\/www.travilamallorca.com\/blog\/actividades\/alquiler-temporal-en-mallorca-una-solucion-flexible-para-la-vida-moderna\/?lang=es#breadcrumb","itemListElement":[{"@type":"ListItem","position":1,"name":"Home","item":"https:\/\/www.travilamallorca.com\/blog\/"},{"@type":"ListItem","position":2,"name":"Alquiler Temporal en Mallorca: Una soluci\u00f3n flexible para la vida moderna"}]},{"@type":"WebSite","@id":"https:\/\/www.travilamallorca.com\/blog\/#website","url":"https:\/\/www.travilamallorca.com\/blog\/","name":"Travila holiday homes","description":"Travilamallorca","potentialAction":[{"@type":"SearchAction","target":{"@type":"EntryPoint","urlTemplate":"https:\/\/www.travilamallorca.com\/blog\/?s={search_term_string}"},"query-input":{"@type":"PropertyValueSpecification","valueRequired":true,"valueName":"search_term_string"}}],"inLanguage":"en-US"},{"@type":"Person","@id":"https:\/\/www.travilamallorca.com\/blog\/#\/schema\/person\/9525a513aecc979491bee1f69377323b","name":"travilamallorca","image":{"@type":"ImageObject","inLanguage":"en-US","@id":"https:\/\/www.travilamallorca.com\/blog\/#\/schema\/person\/image\/","url":"https:\/\/secure.gravatar.com\/avatar\/7bea63afdcad4d75a604ba44f608f5baa725c25959614a06e19a37c02756fba6?s=96&d=mm&r=g","contentUrl":"https:\/\/secure.gravatar.com\/avatar\/7bea63afdcad4d75a604ba44f608f5baa725c25959614a06e19a37c02756fba6?s=96&d=mm&r=g","caption":"travilamallorca"},"url":"https:\/\/www.travilamallorca.com\/blog\/author\/travilamallorca\/"}]}},"_links":{"self":[{"href":"https:\/\/www.travilamallorca.com\/blog\/wp-json\/wp\/v2\/posts\/188","targetHints":{"allow":["GET"]}}],"collection":[{"href":"https:\/\/www.travilamallorca.com\/blog\/wp-json\/wp\/v2\/posts"}],"about":[{"href":"https:\/\/www.travilamallorca.com\/blog\/wp-json\/wp\/v2\/types\/post"}],"author":[{"embeddable":true,"href":"https:\/\/www.travilamallorca.com\/blog\/wp-json\/wp\/v2\/users\/2"}],"replies":[{"embeddable":true,"href":"https:\/\/www.travilamallorca.com\/blog\/wp-json\/wp\/v2\/comments?post=188"}],"version-history":[{"count":1,"href":"https:\/\/www.travilamallorca.com\/blog\/wp-json\/wp\/v2\/posts\/188\/revisions"}],"predecessor-version":[{"id":189,"href":"https:\/\/www.travilamallorca.com\/blog\/wp-json\/wp\/v2\/posts\/188\/revisions\/189"}],"wp:featuredmedia":[{"embeddable":true,"href":"https:\/\/www.travilamallorca.com\/blog\/wp-json\/wp\/v2\/media\/183"}],"wp:attachment":[{"href":"https:\/\/www.travilamallorca.com\/blog\/wp-json\/wp\/v2\/media?parent=188"}],"wp:term":[{"taxonomy":"category","embeddable":true,"href":"https:\/\/www.travilamallorca.com\/blog\/wp-json\/wp\/v2\/categories?post=188"},{"taxonomy":"post_tag","embeddable":true,"href":"https:\/\/www.travilamallorca.com\/blog\/wp-json\/wp\/v2\/tags?post=188"}],"curies":[{"name":"wp","href":"https:\/\/api.w.org\/{rel}","templated":true}]}}