{"id":162,"date":"2025-05-21T08:38:29","date_gmt":"2025-05-21T08:38:29","guid":{"rendered":"https:\/\/www.travilamallorca.com\/blog\/?p=162"},"modified":"2025-05-21T08:38:34","modified_gmt":"2025-05-21T08:38:34","slug":"mayo-en-mallorca-antes-de-las-multitudes-antes-de-las-prisas","status":"publish","type":"post","link":"https:\/\/www.travilamallorca.com\/blog\/actividades\/mayo-en-mallorca-antes-de-las-multitudes-antes-de-las-prisas\/?lang=es","title":{"rendered":"Mayo en Mallorca: antes de las multitudes, antes de las prisas"},"content":{"rendered":"\n<p>Mallorca tiene un cierto encanto en mayo que es dif\u00edcil de explicar con palabras, pero f\u00e1cil de sentir. El aire es c\u00e1lido, el cielo es azul suave y constante, y la isla a\u00fan se est\u00e1 despertando del invierno, con todo floreciendo, pero nada precipitadamente. <\/p>\n\n<p>Este es el punto dulce antes de que empiece la temporada alta. Las playas est\u00e1n tranquilas. Las calles est\u00e1n tranquilas. A\u00fan puedes entrar en un caf\u00e9 local y encontrar una mesa con vistas al mar, o caminar por un sendero costero sin cruzarte con otra alma. Los lugare\u00f1os se mueven a su propio ritmo y, si lo permites, la isla te invita suavemente a hacer lo mismo.    <\/p>\n\n<p>En Travila, siempre hemos cre\u00eddo que viajar no consiste s\u00f3lo en ver un lugar, sino en sentirlo. Y mayo ofrece una versi\u00f3n de Mallorca maravillosamente \u00edntima y tranquilamente lujosa. Es la \u00e9poca del a\u00f1o en que la isla parece tuya.  <\/p>\n\n<p>Con la naturaleza en plena floraci\u00f3n y el Mediterr\u00e1neo invitando ya al ba\u00f1o, todo est\u00e1 en perfecto equilibrio. Puedes pasar la ma\u00f1ana explorando pueblos so\u00f1olientos o puestos de mercado, la tarde estirado bajo el sol, y la noche con una copa de vino en la terraza, con nada m\u00e1s que el sonido del mar de fondo. <\/p>\n\n<p>Para esta \u00e9poca del a\u00f1o, nos encanta recomendar casas que encajen con el ambiente de la estaci\u00f3n: tranquilas, elegantes y conectadas con el paisaje.<\/p>\n\n<p><a href=\"https:\/\/www.travilamallorca.com\/es\/alquiler\/villa-cala-santanyi-villa-can-ferrando-casa-vacacional-en-cala-santanyi-en-primera-linea-de-mar-con-lujo-mediterraneo-329640.html\">Villa Can Ferrando<\/a> es una de nuestras mejores elecciones. Situada en primera l\u00ednea de Cala Santany\u00ed, esta villa ofrece vistas ininterrumpidas al mar, magn\u00edficos espacios de vida al aire libre y una especie de estilo mediterr\u00e1neo sin esfuerzo que da la sensaci\u00f3n de ser lujoso y relajado a la vez. Aqu\u00ed las ma\u00f1anas empiezan con caf\u00e9 y brisa marina, y terminan con largas cenas mientras el sol se pone m\u00e1s all\u00e1 de los acantilados.  <\/p>\n\n<p>A la vuelta de la esquina est\u00e1 <a href=\"https:\/\/www.travilamallorca.com\/es\/alquiler\/casa-cala-santanyi-casa-de-playa-sa-barca-con-vistas-al-mar-y-a-pocos-pasos-de-cala-santanyi-328406.html\">la Casa de Playa Sa Barca<\/a>, una encantadora casa de playa que captura todo lo que nos gusta de la vida costera en primavera. A s\u00f3lo unos pasos de la arena, es luminosa y ventosa, perfecta para una relajada escapada en mayo. Piensa en ba\u00f1os tempranos, almuerzos descalzos en la terraza y tardes tranquilas con un libro y el sonido de las olas.  <\/p>\n\n<p>Mayo en Mallorca no consiste en hacer m\u00e1s. Se trata de hacer menos, y disfrutarlo m\u00e1s profundamente. Es una oportunidad de volver a conectar con la sensaci\u00f3n de libertad que puede aportar el viaje, cuando no hay prisas, aglomeraciones ni una planificaci\u00f3n excesiva.  <\/p>\n\n<p>Si est\u00e1s pensando en una escapada primaveral, ahora es el momento. Antes de las multitudes. Antes de las prisas. Cuando Mallorca a\u00fan est\u00e1 tranquila, floreciente y completamente inolvidable.   <\/p>\n\n<p>Visita <a href=\"https:\/\/www.travilamallorca.com\/es\/\">Travila<\/a> para explorar m\u00e1s casas seleccionadas y deja que te ayudemos a crear tu momento perfecto de mayo.<\/p>\n\n<figure class=\"wp-block-gallery has-nested-images columns-default is-cropped wp-block-gallery-1 is-layout-flex wp-block-gallery-is-layout-flex\"><\/figure>\n","protected":false},"excerpt":{"rendered":"<p>Mallorca tiene un cierto encanto en mayo que es dif\u00edcil de explicar&#8230;<\/p>\n","protected":false},"author":2,"featured_media":152,"comment_status":"open","ping_status":"open","sticky":false,"template":"","format":"standard","meta":{"footnotes":""},"categories":[26],"tags":[27,28],"class_list":["post-162","post","type-post","status-publish","format-standard","has-post-thumbnail","hentry","category-actividades","tag-mallorca-es","tag-mayo"],"yoast_head":"<!-- This site is optimized with the Yoast SEO plugin v25.1 - https:\/\/yoast.com\/wordpress\/plugins\/seo\/ -->\n<title>Mayo en Mallorca: antes de las multitudes, antes de las prisas - Travila holiday homes<\/title>\n<meta name=\"description\" content=\"Descubre el tranquilo encanto de Mallorca en mayo: playas tranquilas, paisajes en flor y villas cuidadosamente seleccionadas que capturan la serena belleza de la isla antes de que empiece la temporada alta. Explora tu escapada primaveral perfecta con Travila.\" \/>\n<meta name=\"robots\" content=\"index, follow, max-snippet:-1, max-image-preview:large, max-video-preview:-1\" \/>\n<link rel=\"canonical\" href=\"https:\/\/www.travilamallorca.com\/blog\/actividades\/mayo-en-mallorca-antes-de-las-multitudes-antes-de-las-prisas\/?lang=es\" \/>\n<meta property=\"og:locale\" content=\"en_US\" \/>\n<meta property=\"og:type\" content=\"article\" \/>\n<meta property=\"og:title\" content=\"Mayo en Mallorca: antes de las multitudes, antes de las prisas - Travila holiday homes\" \/>\n<meta property=\"og:description\" content=\"Descubre el tranquilo encanto de Mallorca en mayo: playas tranquilas, paisajes en flor y villas cuidadosamente seleccionadas que capturan la serena belleza de la isla antes de que empiece la temporada alta. Explora tu escapada primaveral perfecta con Travila.\" \/>\n<meta property=\"og:url\" content=\"https:\/\/www.travilamallorca.com\/blog\/actividades\/mayo-en-mallorca-antes-de-las-multitudes-antes-de-las-prisas\/?lang=es\" \/>\n<meta property=\"og:site_name\" content=\"Travila holiday homes\" \/>\n<meta property=\"article:published_time\" content=\"2025-05-21T08:38:29+00:00\" \/>\n<meta property=\"article:modified_time\" content=\"2025-05-21T08:38:34+00:00\" \/>\n<meta property=\"og:image\" content=\"https:\/\/www.travilamallorca.com\/blog\/wp-content\/uploads\/2025\/05\/MG_1929-scaled.jpg\" \/>\n\t<meta property=\"og:image:width\" content=\"2560\" \/>\n\t<meta property=\"og:image:height\" content=\"1707\" \/>\n\t<meta property=\"og:image:type\" content=\"image\/jpeg\" \/>\n<meta name=\"author\" content=\"travilamallorca\" \/>\n<meta name=\"twitter:card\" content=\"summary_large_image\" \/>\n<meta name=\"twitter:label1\" content=\"Written by\" \/>\n\t<meta name=\"twitter:data1\" content=\"travilamallorca\" \/>\n\t<meta name=\"twitter:label2\" content=\"Est. reading time\" \/>\n\t<meta name=\"twitter:data2\" content=\"3 minutes\" \/>\n<script type=\"application\/ld+json\" class=\"yoast-schema-graph\">{\"@context\":\"https:\/\/schema.org\",\"@graph\":[{\"@type\":\"WebPage\",\"@id\":\"https:\/\/www.travilamallorca.com\/blog\/actividades\/mayo-en-mallorca-antes-de-las-multitudes-antes-de-las-prisas\/?lang=es\",\"url\":\"https:\/\/www.travilamallorca.com\/blog\/actividades\/mayo-en-mallorca-antes-de-las-multitudes-antes-de-las-prisas\/?lang=es\",\"name\":\"Mayo en Mallorca: antes de las multitudes, antes de las prisas - Travila holiday homes\",\"isPartOf\":{\"@id\":\"https:\/\/www.travilamallorca.com\/blog\/#website\"},\"primaryImageOfPage\":{\"@id\":\"https:\/\/www.travilamallorca.com\/blog\/actividades\/mayo-en-mallorca-antes-de-las-multitudes-antes-de-las-prisas\/?lang=es#primaryimage\"},\"image\":{\"@id\":\"https:\/\/www.travilamallorca.com\/blog\/actividades\/mayo-en-mallorca-antes-de-las-multitudes-antes-de-las-prisas\/?lang=es#primaryimage\"},\"thumbnailUrl\":\"https:\/\/www.travilamallorca.com\/blog\/wp-content\/uploads\/2025\/05\/MG_1929-scaled.jpg\",\"datePublished\":\"2025-05-21T08:38:29+00:00\",\"dateModified\":\"2025-05-21T08:38:34+00:00\",\"author\":{\"@id\":\"https:\/\/www.travilamallorca.com\/blog\/#\/schema\/person\/9525a513aecc979491bee1f69377323b\"},\"description\":\"Descubre el tranquilo encanto de Mallorca en mayo: playas tranquilas, paisajes en flor y villas cuidadosamente seleccionadas que capturan la serena belleza de la isla antes de que empiece la temporada alta. Explora tu escapada primaveral perfecta con Travila.\",\"breadcrumb\":{\"@id\":\"https:\/\/www.travilamallorca.com\/blog\/actividades\/mayo-en-mallorca-antes-de-las-multitudes-antes-de-las-prisas\/?lang=es#breadcrumb\"},\"inLanguage\":\"en-US\",\"potentialAction\":[{\"@type\":\"ReadAction\",\"target\":[\"https:\/\/www.travilamallorca.com\/blog\/actividades\/mayo-en-mallorca-antes-de-las-multitudes-antes-de-las-prisas\/?lang=es\"]}]},{\"@type\":\"ImageObject\",\"inLanguage\":\"en-US\",\"@id\":\"https:\/\/www.travilamallorca.com\/blog\/actividades\/mayo-en-mallorca-antes-de-las-multitudes-antes-de-las-prisas\/?lang=es#primaryimage\",\"url\":\"https:\/\/www.travilamallorca.com\/blog\/wp-content\/uploads\/2025\/05\/MG_1929-scaled.jpg\",\"contentUrl\":\"https:\/\/www.travilamallorca.com\/blog\/wp-content\/uploads\/2025\/05\/MG_1929-scaled.jpg\",\"width\":2560,\"height\":1707},{\"@type\":\"BreadcrumbList\",\"@id\":\"https:\/\/www.travilamallorca.com\/blog\/actividades\/mayo-en-mallorca-antes-de-las-multitudes-antes-de-las-prisas\/?lang=es#breadcrumb\",\"itemListElement\":[{\"@type\":\"ListItem\",\"position\":1,\"name\":\"Home\",\"item\":\"https:\/\/www.travilamallorca.com\/blog\/\"},{\"@type\":\"ListItem\",\"position\":2,\"name\":\"Mayo en Mallorca: antes de las multitudes, antes de las prisas\"}]},{\"@type\":\"WebSite\",\"@id\":\"https:\/\/www.travilamallorca.com\/blog\/#website\",\"url\":\"https:\/\/www.travilamallorca.com\/blog\/\",\"name\":\"Travila holiday homes\",\"description\":\"Travilamallorca\",\"potentialAction\":[{\"@type\":\"SearchAction\",\"target\":{\"@type\":\"EntryPoint\",\"urlTemplate\":\"https:\/\/www.travilamallorca.com\/blog\/?s={search_term_string}\"},\"query-input\":{\"@type\":\"PropertyValueSpecification\",\"valueRequired\":true,\"valueName\":\"search_term_string\"}}],\"inLanguage\":\"en-US\"},{\"@type\":\"Person\",\"@id\":\"https:\/\/www.travilamallorca.com\/blog\/#\/schema\/person\/9525a513aecc979491bee1f69377323b\",\"name\":\"travilamallorca\",\"image\":{\"@type\":\"ImageObject\",\"inLanguage\":\"en-US\",\"@id\":\"https:\/\/www.travilamallorca.com\/blog\/#\/schema\/person\/image\/\",\"url\":\"https:\/\/secure.gravatar.com\/avatar\/7bea63afdcad4d75a604ba44f608f5baa725c25959614a06e19a37c02756fba6?s=96&d=mm&r=g\",\"contentUrl\":\"https:\/\/secure.gravatar.com\/avatar\/7bea63afdcad4d75a604ba44f608f5baa725c25959614a06e19a37c02756fba6?s=96&d=mm&r=g\",\"caption\":\"travilamallorca\"},\"url\":\"https:\/\/www.travilamallorca.com\/blog\/author\/travilamallorca\/\"}]}<\/script>\n<!-- \/ Yoast SEO plugin. -->","yoast_head_json":{"title":"Mayo en Mallorca: antes de las multitudes, antes de las prisas - Travila holiday homes","description":"Descubre el tranquilo encanto de Mallorca en mayo: playas tranquilas, paisajes en flor y villas cuidadosamente seleccionadas que capturan la serena belleza de la isla antes de que empiece la temporada alta. Explora tu escapada primaveral perfecta con Travila.","robots":{"index":"index","follow":"follow","max-snippet":"max-snippet:-1","max-image-preview":"max-image-preview:large","max-video-preview":"max-video-preview:-1"},"canonical":"https:\/\/www.travilamallorca.com\/blog\/actividades\/mayo-en-mallorca-antes-de-las-multitudes-antes-de-las-prisas\/?lang=es","og_locale":"en_US","og_type":"article","og_title":"Mayo en Mallorca: antes de las multitudes, antes de las prisas - Travila holiday homes","og_description":"Descubre el tranquilo encanto de Mallorca en mayo: playas tranquilas, paisajes en flor y villas cuidadosamente seleccionadas que capturan la serena belleza de la isla antes de que empiece la temporada alta. Explora tu escapada primaveral perfecta con Travila.","og_url":"https:\/\/www.travilamallorca.com\/blog\/actividades\/mayo-en-mallorca-antes-de-las-multitudes-antes-de-las-prisas\/?lang=es","og_site_name":"Travila holiday homes","article_published_time":"2025-05-21T08:38:29+00:00","article_modified_time":"2025-05-21T08:38:34+00:00","og_image":[{"width":2560,"height":1707,"url":"https:\/\/www.travilamallorca.com\/blog\/wp-content\/uploads\/2025\/05\/MG_1929-scaled.jpg","type":"image\/jpeg"}],"author":"travilamallorca","twitter_card":"summary_large_image","twitter_misc":{"Written by":"travilamallorca","Est. reading time":"3 minutes"},"schema":{"@context":"https:\/\/schema.org","@graph":[{"@type":"WebPage","@id":"https:\/\/www.travilamallorca.com\/blog\/actividades\/mayo-en-mallorca-antes-de-las-multitudes-antes-de-las-prisas\/?lang=es","url":"https:\/\/www.travilamallorca.com\/blog\/actividades\/mayo-en-mallorca-antes-de-las-multitudes-antes-de-las-prisas\/?lang=es","name":"Mayo en Mallorca: antes de las multitudes, antes de las prisas - Travila holiday homes","isPartOf":{"@id":"https:\/\/www.travilamallorca.com\/blog\/#website"},"primaryImageOfPage":{"@id":"https:\/\/www.travilamallorca.com\/blog\/actividades\/mayo-en-mallorca-antes-de-las-multitudes-antes-de-las-prisas\/?lang=es#primaryimage"},"image":{"@id":"https:\/\/www.travilamallorca.com\/blog\/actividades\/mayo-en-mallorca-antes-de-las-multitudes-antes-de-las-prisas\/?lang=es#primaryimage"},"thumbnailUrl":"https:\/\/www.travilamallorca.com\/blog\/wp-content\/uploads\/2025\/05\/MG_1929-scaled.jpg","datePublished":"2025-05-21T08:38:29+00:00","dateModified":"2025-05-21T08:38:34+00:00","author":{"@id":"https:\/\/www.travilamallorca.com\/blog\/#\/schema\/person\/9525a513aecc979491bee1f69377323b"},"description":"Descubre el tranquilo encanto de Mallorca en mayo: playas tranquilas, paisajes en flor y villas cuidadosamente seleccionadas que capturan la serena belleza de la isla antes de que empiece la temporada alta. Explora tu escapada primaveral perfecta con Travila.","breadcrumb":{"@id":"https:\/\/www.travilamallorca.com\/blog\/actividades\/mayo-en-mallorca-antes-de-las-multitudes-antes-de-las-prisas\/?lang=es#breadcrumb"},"inLanguage":"en-US","potentialAction":[{"@type":"ReadAction","target":["https:\/\/www.travilamallorca.com\/blog\/actividades\/mayo-en-mallorca-antes-de-las-multitudes-antes-de-las-prisas\/?lang=es"]}]},{"@type":"ImageObject","inLanguage":"en-US","@id":"https:\/\/www.travilamallorca.com\/blog\/actividades\/mayo-en-mallorca-antes-de-las-multitudes-antes-de-las-prisas\/?lang=es#primaryimage","url":"https:\/\/www.travilamallorca.com\/blog\/wp-content\/uploads\/2025\/05\/MG_1929-scaled.jpg","contentUrl":"https:\/\/www.travilamallorca.com\/blog\/wp-content\/uploads\/2025\/05\/MG_1929-scaled.jpg","width":2560,"height":1707},{"@type":"BreadcrumbList","@id":"https:\/\/www.travilamallorca.com\/blog\/actividades\/mayo-en-mallorca-antes-de-las-multitudes-antes-de-las-prisas\/?lang=es#breadcrumb","itemListElement":[{"@type":"ListItem","position":1,"name":"Home","item":"https:\/\/www.travilamallorca.com\/blog\/"},{"@type":"ListItem","position":2,"name":"Mayo en Mallorca: antes de las multitudes, antes de las prisas"}]},{"@type":"WebSite","@id":"https:\/\/www.travilamallorca.com\/blog\/#website","url":"https:\/\/www.travilamallorca.com\/blog\/","name":"Travila holiday homes","description":"Travilamallorca","potentialAction":[{"@type":"SearchAction","target":{"@type":"EntryPoint","urlTemplate":"https:\/\/www.travilamallorca.com\/blog\/?s={search_term_string}"},"query-input":{"@type":"PropertyValueSpecification","valueRequired":true,"valueName":"search_term_string"}}],"inLanguage":"en-US"},{"@type":"Person","@id":"https:\/\/www.travilamallorca.com\/blog\/#\/schema\/person\/9525a513aecc979491bee1f69377323b","name":"travilamallorca","image":{"@type":"ImageObject","inLanguage":"en-US","@id":"https:\/\/www.travilamallorca.com\/blog\/#\/schema\/person\/image\/","url":"https:\/\/secure.gravatar.com\/avatar\/7bea63afdcad4d75a604ba44f608f5baa725c25959614a06e19a37c02756fba6?s=96&d=mm&r=g","contentUrl":"https:\/\/secure.gravatar.com\/avatar\/7bea63afdcad4d75a604ba44f608f5baa725c25959614a06e19a37c02756fba6?s=96&d=mm&r=g","caption":"travilamallorca"},"url":"https:\/\/www.travilamallorca.com\/blog\/author\/travilamallorca\/"}]}},"_links":{"self":[{"href":"https:\/\/www.travilamallorca.com\/blog\/wp-json\/wp\/v2\/posts\/162","targetHints":{"allow":["GET"]}}],"collection":[{"href":"https:\/\/www.travilamallorca.com\/blog\/wp-json\/wp\/v2\/posts"}],"about":[{"href":"https:\/\/www.travilamallorca.com\/blog\/wp-json\/wp\/v2\/types\/post"}],"author":[{"embeddable":true,"href":"https:\/\/www.travilamallorca.com\/blog\/wp-json\/wp\/v2\/users\/2"}],"replies":[{"embeddable":true,"href":"https:\/\/www.travilamallorca.com\/blog\/wp-json\/wp\/v2\/comments?post=162"}],"version-history":[{"count":1,"href":"https:\/\/www.travilamallorca.com\/blog\/wp-json\/wp\/v2\/posts\/162\/revisions"}],"predecessor-version":[{"id":163,"href":"https:\/\/www.travilamallorca.com\/blog\/wp-json\/wp\/v2\/posts\/162\/revisions\/163"}],"wp:featuredmedia":[{"embeddable":true,"href":"https:\/\/www.travilamallorca.com\/blog\/wp-json\/wp\/v2\/media\/152"}],"wp:attachment":[{"href":"https:\/\/www.travilamallorca.com\/blog\/wp-json\/wp\/v2\/media?parent=162"}],"wp:term":[{"taxonomy":"category","embeddable":true,"href":"https:\/\/www.travilamallorca.com\/blog\/wp-json\/wp\/v2\/categories?post=162"},{"taxonomy":"post_tag","embeddable":true,"href":"https:\/\/www.travilamallorca.com\/blog\/wp-json\/wp\/v2\/tags?post=162"}],"curies":[{"name":"wp","href":"https:\/\/api.w.org\/{rel}","templated":true}]}}