{"id":160,"date":"2025-05-21T08:38:29","date_gmt":"2025-05-21T08:38:29","guid":{"rendered":"https:\/\/www.travilamallorca.com\/blog\/?p=160"},"modified":"2025-05-21T08:38:34","modified_gmt":"2025-05-21T08:38:34","slug":"mai-auf-mallorca-vor-den-menschenmassen-vor-dem-ansturm","status":"publish","type":"post","link":"https:\/\/www.travilamallorca.com\/blog\/aktivitaten\/mai-auf-mallorca-vor-den-menschenmassen-vor-dem-ansturm\/?lang=de","title":{"rendered":"Mai auf Mallorca: Vor den Menschenmassen, vor dem Ansturm"},"content":{"rendered":"\n<p>Mallorca hat im Mai einen gewissen Charme, der sich schwer in Worte fassen l\u00e4sst, aber leicht zu sp\u00fcren ist. Die Luft ist warm, der Himmel ist sanft und gleichm\u00e4\u00dfig blau und die Insel erwacht immer noch aus dem Winter, alles bl\u00fcht, aber nichts rauscht. <\/p>\n\n<p>Dies ist die beste Zeit vor Beginn der Hochsaison. Die Str\u00e4nde sind friedlich. Die Stra\u00dfen sind ruhig. Sie k\u00f6nnen immer noch in ein einheimisches Caf\u00e9 gehen und einen Tisch mit Meerblick finden oder einen K\u00fcstenpfad entlanglaufen, ohne einer anderen Person zu begegnen. Die Einheimischen bewegen sich in ihrem eigenen Tempo, und wenn Sie es zulassen, l\u00e4dt die Insel Sie sanft dazu ein, das Gleiche zu tun.    <\/p>\n\n<p>Wir von Travila haben immer daran geglaubt, dass es beim Reisen nicht nur darum geht, einen Ort zu sehen, sondern ihn auch zu f\u00fchlen. Und der Mai bietet eine Version von Mallorca, die wunderbar intim und leise luxuri\u00f6s ist. Es ist die Zeit des Jahres, in der sich die Insel anf\u00fchlt, als geh\u00f6re sie Ihnen.  <\/p>\n\n<p>Wenn die Natur in voller Bl\u00fcte steht und das Mittelmeer bereits zum Baden einl\u00e4dt, ist alles im perfekten Gleichgewicht. Sie k\u00f6nnen den Vormittag damit verbringen, verschlafene D\u00f6rfer oder Marktst\u00e4nde zu erkunden, den Nachmittag ausgestreckt in der Sonne verbringen und den Abend mit einem Glas Wein auf der Terrasse verbringen, mit nichts als dem Rauschen des Meeres im Hintergrund. <\/p>\n\n<p>F\u00fcr diese Zeit des Jahres empfehlen wir Ihnen gerne H\u00e4user, die der Stimmung der Jahreszeit entsprechen: friedlich, elegant und mit der Landschaft verbunden.<\/p>\n\n<p>Die <a href=\"https:\/\/www.travilamallorca.com\/es\/alquiler\/villa-cala-santanyi-villa-can-ferrando-casa-vacacional-en-cala-santanyi-en-primera-linea-de-mar-con-lujo-mediterraneo-329640.html\">Villa Can Ferrando<\/a> ist eine unserer Top-Entscheidungen. Diese Villa liegt in erster Linie in Cala Santany\u00ed und bietet einen ungehinderten Blick auf das Meer, herrliche Wohnbereiche im Freien und einen m\u00fchelosen mediterranen Stil, der sowohl luxuri\u00f6s als auch entspannt wirkt. Der Morgen beginnt hier mit Kaffee und Meeresbrise und endet mit langen Abendessen, w\u00e4hrend die Sonne hinter den Klippen untergeht.  <\/p>\n\n<p>Gleich um die Ecke liegt das <a href=\"https:\/\/www.travilamallorca.com\/es\/alquiler\/casa-cala-santanyi-casa-de-playa-sa-barca-con-vistas-al-mar-y-a-pocos-pasos-de-cala-santanyi-328406.html\">Casa de Playa Sa Barca<\/a>, ein charmantes Strandhaus, das alles einf\u00e4ngt, was wir am K\u00fcstenleben im Fr\u00fchling lieben. Nur ein paar Schritte vom Strand entfernt, ist es hell und luftig, perfekt f\u00fcr eine entspannte Flucht in den Mai. Denken Sie an fr\u00fches Schwimmen, Barfu\u00df-Mittagessen auf der Terrasse und ruhige Nachmittage mit einem Buch und dem Klang der Wellen.  <\/p>\n\n<p>Im Mai geht es auf Mallorca nicht darum, mehr zu tun. Es geht darum, weniger zu tun und es mehr zu genie\u00dfen. Es ist eine Chance, das Gef\u00fchl der Freiheit wiederzufinden, das Reisen mit sich bringen kann, wenn es nicht \u00fcberst\u00fcrzt, \u00fcberf\u00fcllt oder \u00fcberplant ist.  <\/p>\n\n<p>Wenn Sie an eine Flucht im Fr\u00fchling denken, ist jetzt der richtige Zeitpunkt. Vor den Menschenmassen. Vor der Hektik. Wenn Mallorca noch ruhig, bl\u00fchend und absolut unvergesslich ist.   <\/p>\n\n<p>Besuchen Sie <a href=\"https:\/\/www.travilamallorca.com\/es\/\">Travila<\/a>, um weitere handverlesene H\u00e4user zu entdecken und lassen Sie uns Ihnen helfen, Ihren perfekten Mai-Moment zu kreieren.<\/p>\n\n<figure class=\"wp-block-gallery has-nested-images columns-default is-cropped wp-block-gallery-1 is-layout-flex wp-block-gallery-is-layout-flex\"><\/figure>\n","protected":false},"excerpt":{"rendered":"<p>Mallorca hat im Mai einen gewissen Charme, der sich schwer in Worte&#8230;<\/p>\n","protected":false},"author":2,"featured_media":151,"comment_status":"open","ping_status":"open","sticky":false,"template":"","format":"standard","meta":{"footnotes":""},"categories":[23],"tags":[25,24],"class_list":["post-160","post","type-post","status-publish","format-standard","has-post-thumbnail","hentry","category-aktivitaten","tag-mai","tag-mallorca-de"],"yoast_head":"<!-- This site is optimized with the Yoast SEO plugin v25.1 - https:\/\/yoast.com\/wordpress\/plugins\/seo\/ -->\n<title>Mai auf Mallorca: Vor den Menschenmassen, vor dem Ansturm - Travila holiday homes<\/title>\n<meta name=\"description\" content=\"Entdecken Sie den ruhigen Charme Mallorcas im Mai: friedliche Str\u00e4nde, bl\u00fchende Landschaften und handverlesene Villen, die die ruhige Sch\u00f6nheit der Insel einfangen, bevor die Hochsaison beginnt. Entdecken Sie Ihren perfekten Fr\u00fchlingsurlaub mit Travila.\" \/>\n<meta name=\"robots\" content=\"index, follow, max-snippet:-1, max-image-preview:large, max-video-preview:-1\" \/>\n<link rel=\"canonical\" href=\"https:\/\/www.travilamallorca.com\/blog\/aktivitaten\/mai-auf-mallorca-vor-den-menschenmassen-vor-dem-ansturm\/?lang=de\" \/>\n<meta property=\"og:locale\" content=\"en_US\" \/>\n<meta property=\"og:type\" content=\"article\" \/>\n<meta property=\"og:title\" content=\"Mai auf Mallorca: Vor den Menschenmassen, vor dem Ansturm - Travila holiday homes\" \/>\n<meta property=\"og:description\" content=\"Entdecken Sie den ruhigen Charme Mallorcas im Mai: friedliche Str\u00e4nde, bl\u00fchende Landschaften und handverlesene Villen, die die ruhige Sch\u00f6nheit der Insel einfangen, bevor die Hochsaison beginnt. Entdecken Sie Ihren perfekten Fr\u00fchlingsurlaub mit Travila.\" \/>\n<meta property=\"og:url\" content=\"https:\/\/www.travilamallorca.com\/blog\/aktivitaten\/mai-auf-mallorca-vor-den-menschenmassen-vor-dem-ansturm\/?lang=de\" \/>\n<meta property=\"og:site_name\" content=\"Travila holiday homes\" \/>\n<meta property=\"article:published_time\" content=\"2025-05-21T08:38:29+00:00\" \/>\n<meta property=\"article:modified_time\" content=\"2025-05-21T08:38:34+00:00\" \/>\n<meta property=\"og:image\" content=\"https:\/\/www.travilamallorca.com\/blog\/wp-content\/uploads\/2025\/05\/MG_1929-scaled.jpg\" \/>\n\t<meta property=\"og:image:width\" content=\"2560\" \/>\n\t<meta property=\"og:image:height\" content=\"1707\" \/>\n\t<meta property=\"og:image:type\" content=\"image\/jpeg\" \/>\n<meta name=\"author\" content=\"travilamallorca\" \/>\n<meta name=\"twitter:card\" content=\"summary_large_image\" \/>\n<meta name=\"twitter:label1\" content=\"Written by\" \/>\n\t<meta name=\"twitter:data1\" content=\"travilamallorca\" \/>\n\t<meta name=\"twitter:label2\" content=\"Est. reading time\" \/>\n\t<meta name=\"twitter:data2\" content=\"3 minutes\" \/>\n<script type=\"application\/ld+json\" class=\"yoast-schema-graph\">{\"@context\":\"https:\/\/schema.org\",\"@graph\":[{\"@type\":\"WebPage\",\"@id\":\"https:\/\/www.travilamallorca.com\/blog\/aktivitaten\/mai-auf-mallorca-vor-den-menschenmassen-vor-dem-ansturm\/?lang=de\",\"url\":\"https:\/\/www.travilamallorca.com\/blog\/aktivitaten\/mai-auf-mallorca-vor-den-menschenmassen-vor-dem-ansturm\/?lang=de\",\"name\":\"Mai auf Mallorca: Vor den Menschenmassen, vor dem Ansturm - Travila holiday homes\",\"isPartOf\":{\"@id\":\"https:\/\/www.travilamallorca.com\/blog\/#website\"},\"primaryImageOfPage\":{\"@id\":\"https:\/\/www.travilamallorca.com\/blog\/aktivitaten\/mai-auf-mallorca-vor-den-menschenmassen-vor-dem-ansturm\/?lang=de#primaryimage\"},\"image\":{\"@id\":\"https:\/\/www.travilamallorca.com\/blog\/aktivitaten\/mai-auf-mallorca-vor-den-menschenmassen-vor-dem-ansturm\/?lang=de#primaryimage\"},\"thumbnailUrl\":\"https:\/\/www.travilamallorca.com\/blog\/wp-content\/uploads\/2025\/05\/MG_1929-scaled.jpg\",\"datePublished\":\"2025-05-21T08:38:29+00:00\",\"dateModified\":\"2025-05-21T08:38:34+00:00\",\"author\":{\"@id\":\"https:\/\/www.travilamallorca.com\/blog\/#\/schema\/person\/9525a513aecc979491bee1f69377323b\"},\"description\":\"Entdecken Sie den ruhigen Charme Mallorcas im Mai: friedliche Str\u00e4nde, bl\u00fchende Landschaften und handverlesene Villen, die die ruhige Sch\u00f6nheit der Insel einfangen, bevor die Hochsaison beginnt. Entdecken Sie Ihren perfekten Fr\u00fchlingsurlaub mit Travila.\",\"breadcrumb\":{\"@id\":\"https:\/\/www.travilamallorca.com\/blog\/aktivitaten\/mai-auf-mallorca-vor-den-menschenmassen-vor-dem-ansturm\/?lang=de#breadcrumb\"},\"inLanguage\":\"en-US\",\"potentialAction\":[{\"@type\":\"ReadAction\",\"target\":[\"https:\/\/www.travilamallorca.com\/blog\/aktivitaten\/mai-auf-mallorca-vor-den-menschenmassen-vor-dem-ansturm\/?lang=de\"]}]},{\"@type\":\"ImageObject\",\"inLanguage\":\"en-US\",\"@id\":\"https:\/\/www.travilamallorca.com\/blog\/aktivitaten\/mai-auf-mallorca-vor-den-menschenmassen-vor-dem-ansturm\/?lang=de#primaryimage\",\"url\":\"https:\/\/www.travilamallorca.com\/blog\/wp-content\/uploads\/2025\/05\/MG_1929-scaled.jpg\",\"contentUrl\":\"https:\/\/www.travilamallorca.com\/blog\/wp-content\/uploads\/2025\/05\/MG_1929-scaled.jpg\",\"width\":2560,\"height\":1707},{\"@type\":\"BreadcrumbList\",\"@id\":\"https:\/\/www.travilamallorca.com\/blog\/aktivitaten\/mai-auf-mallorca-vor-den-menschenmassen-vor-dem-ansturm\/?lang=de#breadcrumb\",\"itemListElement\":[{\"@type\":\"ListItem\",\"position\":1,\"name\":\"Home\",\"item\":\"https:\/\/www.travilamallorca.com\/blog\/\"},{\"@type\":\"ListItem\",\"position\":2,\"name\":\"Mai auf Mallorca: Vor den Menschenmassen, vor dem Ansturm\"}]},{\"@type\":\"WebSite\",\"@id\":\"https:\/\/www.travilamallorca.com\/blog\/#website\",\"url\":\"https:\/\/www.travilamallorca.com\/blog\/\",\"name\":\"Travila holiday homes\",\"description\":\"Travilamallorca\",\"potentialAction\":[{\"@type\":\"SearchAction\",\"target\":{\"@type\":\"EntryPoint\",\"urlTemplate\":\"https:\/\/www.travilamallorca.com\/blog\/?s={search_term_string}\"},\"query-input\":{\"@type\":\"PropertyValueSpecification\",\"valueRequired\":true,\"valueName\":\"search_term_string\"}}],\"inLanguage\":\"en-US\"},{\"@type\":\"Person\",\"@id\":\"https:\/\/www.travilamallorca.com\/blog\/#\/schema\/person\/9525a513aecc979491bee1f69377323b\",\"name\":\"travilamallorca\",\"image\":{\"@type\":\"ImageObject\",\"inLanguage\":\"en-US\",\"@id\":\"https:\/\/www.travilamallorca.com\/blog\/#\/schema\/person\/image\/\",\"url\":\"https:\/\/secure.gravatar.com\/avatar\/7bea63afdcad4d75a604ba44f608f5baa725c25959614a06e19a37c02756fba6?s=96&d=mm&r=g\",\"contentUrl\":\"https:\/\/secure.gravatar.com\/avatar\/7bea63afdcad4d75a604ba44f608f5baa725c25959614a06e19a37c02756fba6?s=96&d=mm&r=g\",\"caption\":\"travilamallorca\"},\"url\":\"https:\/\/www.travilamallorca.com\/blog\/author\/travilamallorca\/\"}]}<\/script>\n<!-- \/ Yoast SEO plugin. -->","yoast_head_json":{"title":"Mai auf Mallorca: Vor den Menschenmassen, vor dem Ansturm - Travila holiday homes","description":"Entdecken Sie den ruhigen Charme Mallorcas im Mai: friedliche Str\u00e4nde, bl\u00fchende Landschaften und handverlesene Villen, die die ruhige Sch\u00f6nheit der Insel einfangen, bevor die Hochsaison beginnt. Entdecken Sie Ihren perfekten Fr\u00fchlingsurlaub mit Travila.","robots":{"index":"index","follow":"follow","max-snippet":"max-snippet:-1","max-image-preview":"max-image-preview:large","max-video-preview":"max-video-preview:-1"},"canonical":"https:\/\/www.travilamallorca.com\/blog\/aktivitaten\/mai-auf-mallorca-vor-den-menschenmassen-vor-dem-ansturm\/?lang=de","og_locale":"en_US","og_type":"article","og_title":"Mai auf Mallorca: Vor den Menschenmassen, vor dem Ansturm - Travila holiday homes","og_description":"Entdecken Sie den ruhigen Charme Mallorcas im Mai: friedliche Str\u00e4nde, bl\u00fchende Landschaften und handverlesene Villen, die die ruhige Sch\u00f6nheit der Insel einfangen, bevor die Hochsaison beginnt. Entdecken Sie Ihren perfekten Fr\u00fchlingsurlaub mit Travila.","og_url":"https:\/\/www.travilamallorca.com\/blog\/aktivitaten\/mai-auf-mallorca-vor-den-menschenmassen-vor-dem-ansturm\/?lang=de","og_site_name":"Travila holiday homes","article_published_time":"2025-05-21T08:38:29+00:00","article_modified_time":"2025-05-21T08:38:34+00:00","og_image":[{"width":2560,"height":1707,"url":"https:\/\/www.travilamallorca.com\/blog\/wp-content\/uploads\/2025\/05\/MG_1929-scaled.jpg","type":"image\/jpeg"}],"author":"travilamallorca","twitter_card":"summary_large_image","twitter_misc":{"Written by":"travilamallorca","Est. reading time":"3 minutes"},"schema":{"@context":"https:\/\/schema.org","@graph":[{"@type":"WebPage","@id":"https:\/\/www.travilamallorca.com\/blog\/aktivitaten\/mai-auf-mallorca-vor-den-menschenmassen-vor-dem-ansturm\/?lang=de","url":"https:\/\/www.travilamallorca.com\/blog\/aktivitaten\/mai-auf-mallorca-vor-den-menschenmassen-vor-dem-ansturm\/?lang=de","name":"Mai auf Mallorca: Vor den Menschenmassen, vor dem Ansturm - Travila holiday homes","isPartOf":{"@id":"https:\/\/www.travilamallorca.com\/blog\/#website"},"primaryImageOfPage":{"@id":"https:\/\/www.travilamallorca.com\/blog\/aktivitaten\/mai-auf-mallorca-vor-den-menschenmassen-vor-dem-ansturm\/?lang=de#primaryimage"},"image":{"@id":"https:\/\/www.travilamallorca.com\/blog\/aktivitaten\/mai-auf-mallorca-vor-den-menschenmassen-vor-dem-ansturm\/?lang=de#primaryimage"},"thumbnailUrl":"https:\/\/www.travilamallorca.com\/blog\/wp-content\/uploads\/2025\/05\/MG_1929-scaled.jpg","datePublished":"2025-05-21T08:38:29+00:00","dateModified":"2025-05-21T08:38:34+00:00","author":{"@id":"https:\/\/www.travilamallorca.com\/blog\/#\/schema\/person\/9525a513aecc979491bee1f69377323b"},"description":"Entdecken Sie den ruhigen Charme Mallorcas im Mai: friedliche Str\u00e4nde, bl\u00fchende Landschaften und handverlesene Villen, die die ruhige Sch\u00f6nheit der Insel einfangen, bevor die Hochsaison beginnt. Entdecken Sie Ihren perfekten Fr\u00fchlingsurlaub mit Travila.","breadcrumb":{"@id":"https:\/\/www.travilamallorca.com\/blog\/aktivitaten\/mai-auf-mallorca-vor-den-menschenmassen-vor-dem-ansturm\/?lang=de#breadcrumb"},"inLanguage":"en-US","potentialAction":[{"@type":"ReadAction","target":["https:\/\/www.travilamallorca.com\/blog\/aktivitaten\/mai-auf-mallorca-vor-den-menschenmassen-vor-dem-ansturm\/?lang=de"]}]},{"@type":"ImageObject","inLanguage":"en-US","@id":"https:\/\/www.travilamallorca.com\/blog\/aktivitaten\/mai-auf-mallorca-vor-den-menschenmassen-vor-dem-ansturm\/?lang=de#primaryimage","url":"https:\/\/www.travilamallorca.com\/blog\/wp-content\/uploads\/2025\/05\/MG_1929-scaled.jpg","contentUrl":"https:\/\/www.travilamallorca.com\/blog\/wp-content\/uploads\/2025\/05\/MG_1929-scaled.jpg","width":2560,"height":1707},{"@type":"BreadcrumbList","@id":"https:\/\/www.travilamallorca.com\/blog\/aktivitaten\/mai-auf-mallorca-vor-den-menschenmassen-vor-dem-ansturm\/?lang=de#breadcrumb","itemListElement":[{"@type":"ListItem","position":1,"name":"Home","item":"https:\/\/www.travilamallorca.com\/blog\/"},{"@type":"ListItem","position":2,"name":"Mai auf Mallorca: Vor den Menschenmassen, vor dem Ansturm"}]},{"@type":"WebSite","@id":"https:\/\/www.travilamallorca.com\/blog\/#website","url":"https:\/\/www.travilamallorca.com\/blog\/","name":"Travila holiday homes","description":"Travilamallorca","potentialAction":[{"@type":"SearchAction","target":{"@type":"EntryPoint","urlTemplate":"https:\/\/www.travilamallorca.com\/blog\/?s={search_term_string}"},"query-input":{"@type":"PropertyValueSpecification","valueRequired":true,"valueName":"search_term_string"}}],"inLanguage":"en-US"},{"@type":"Person","@id":"https:\/\/www.travilamallorca.com\/blog\/#\/schema\/person\/9525a513aecc979491bee1f69377323b","name":"travilamallorca","image":{"@type":"ImageObject","inLanguage":"en-US","@id":"https:\/\/www.travilamallorca.com\/blog\/#\/schema\/person\/image\/","url":"https:\/\/secure.gravatar.com\/avatar\/7bea63afdcad4d75a604ba44f608f5baa725c25959614a06e19a37c02756fba6?s=96&d=mm&r=g","contentUrl":"https:\/\/secure.gravatar.com\/avatar\/7bea63afdcad4d75a604ba44f608f5baa725c25959614a06e19a37c02756fba6?s=96&d=mm&r=g","caption":"travilamallorca"},"url":"https:\/\/www.travilamallorca.com\/blog\/author\/travilamallorca\/"}]}},"_links":{"self":[{"href":"https:\/\/www.travilamallorca.com\/blog\/wp-json\/wp\/v2\/posts\/160","targetHints":{"allow":["GET"]}}],"collection":[{"href":"https:\/\/www.travilamallorca.com\/blog\/wp-json\/wp\/v2\/posts"}],"about":[{"href":"https:\/\/www.travilamallorca.com\/blog\/wp-json\/wp\/v2\/types\/post"}],"author":[{"embeddable":true,"href":"https:\/\/www.travilamallorca.com\/blog\/wp-json\/wp\/v2\/users\/2"}],"replies":[{"embeddable":true,"href":"https:\/\/www.travilamallorca.com\/blog\/wp-json\/wp\/v2\/comments?post=160"}],"version-history":[{"count":1,"href":"https:\/\/www.travilamallorca.com\/blog\/wp-json\/wp\/v2\/posts\/160\/revisions"}],"predecessor-version":[{"id":161,"href":"https:\/\/www.travilamallorca.com\/blog\/wp-json\/wp\/v2\/posts\/160\/revisions\/161"}],"wp:featuredmedia":[{"embeddable":true,"href":"https:\/\/www.travilamallorca.com\/blog\/wp-json\/wp\/v2\/media\/151"}],"wp:attachment":[{"href":"https:\/\/www.travilamallorca.com\/blog\/wp-json\/wp\/v2\/media?parent=160"}],"wp:term":[{"taxonomy":"category","embeddable":true,"href":"https:\/\/www.travilamallorca.com\/blog\/wp-json\/wp\/v2\/categories?post=160"},{"taxonomy":"post_tag","embeddable":true,"href":"https:\/\/www.travilamallorca.com\/blog\/wp-json\/wp\/v2\/tags?post=160"}],"curies":[{"name":"wp","href":"https:\/\/api.w.org\/{rel}","templated":true}]}}